{"id":4276,"date":"2022-09-27T16:07:11","date_gmt":"2022-09-27T16:07:11","guid":{"rendered":"https:\/\/www.bolsetabcn.com\/?p=4276"},"modified":"2023-05-25T06:55:58","modified_gmt":"2023-05-25T06:55:58","slug":"bolseta-entrevista-sandra-viajeros-reverdes","status":"publish","type":"post","link":"https:\/\/www.bolsetabcn.com\/ca\/bolseta-entrevista-sandra-viajeros-reverdes\/","title":{"rendered":"BOLSETA entrevista a Sandra de Viajeros Reverdes"},"content":{"rendered":"<h1 class=\"blogh1\"><strong>Entrevista a Sandra de Viajeros Reverdes<\/strong><\/h1>\n<p style=\"text-align: right;\"><img loading=\"lazy\" decoding=\"async\" class=\"aligncenter wp-image-4277 size-full\" src=\"https:\/\/www.bolsetabcn.com\/wp-content\/uploads\/2022\/09\/sandra-viajeros-reverdes.jpg\" alt=\"\" width=\"800\" height=\"567\" srcset=\"https:\/\/www.bolsetabcn.com\/wp-content\/uploads\/2022\/09\/sandra-viajeros-reverdes.jpg 800w, https:\/\/www.bolsetabcn.com\/wp-content\/uploads\/2022\/09\/sandra-viajeros-reverdes-300x213.jpg 300w, https:\/\/www.bolsetabcn.com\/wp-content\/uploads\/2022\/09\/sandra-viajeros-reverdes-768x544.jpg 768w, https:\/\/www.bolsetabcn.com\/wp-content\/uploads\/2022\/09\/sandra-viajeros-reverdes-500x354.jpg 500w, https:\/\/www.bolsetabcn.com\/wp-content\/uploads\/2022\/09\/sandra-viajeros-reverdes-700x496.jpg 700w, https:\/\/www.bolsetabcn.com\/wp-content\/uploads\/2022\/09\/sandra-viajeros-reverdes-600x425.jpg 600w\" sizes=\"auto, (max-width: 800px) 100vw, 800px\" \/><\/p>\n<p>La invitada de hoy para nuestra mini-entrevista forma parte del equipo de BOLSETA desde sus inicios. Ella es Sandra, fot\u00f3grafa y <a href=\"https:\/\/viajerosreverdes.com\/\" target=\"_blank\" rel=\"noopener\">viajera vegana<\/a>, alguien muy concienciada en intentar aplicar un <strong>estilo de vida \u00e9tico y en consonancia con sus valores<\/strong> tanto, cuando est\u00e1 asentada como en movimiento por el mundo.<\/p>\n<p>Es coautora del <a href=\"https:\/\/tugranviajevegano.com\/\" target=\"_blank\" rel=\"noopener\">eBook Gu\u00eda de Viaje Vegana para Viajeros Intr\u00e9pidos y Responsables<\/a>, amante de Asia y viaja lento y sin prisas. Le preocupa el impacto del turismo en las comunidades locales, tanto en su econom\u00eda como en el medio ambiente, y apuesta por los viajes en su vertiente m\u00e1s responsable y sostenible.<\/p>\n<p>Es su turno para someterse a nuestro cuestionario-BOLSETA. Veamos qu\u00e9 nos cuenta.<\/p>\n<h2 class=\"subtblogh2\"><b>Sandra Morante<\/b><\/h2>\n<h3 class=\"subtblogh3\"><b>1. Si pudieras viajar en el tiempo (pasado o futuro), \u00bfen qu\u00e9 a\u00f1o te situar\u00edas y por qu\u00e9?<\/b><\/h3>\n<p>Siento devoci\u00f3n por los tiempos pasados. Supongo que en ese entonces la sociedad no era tan homog\u00e9nea y la cultura estaba menos globalizada.<\/p>\n<h3 class=\"subtblogh3\"><b>2. \u00bfQu\u00e9 cambiar\u00edas de nuestro mundo y qu\u00e9 es lo que te parece maravilloso?<\/b><\/h3>\n<p>Potenciar\u00eda la educaci\u00f3n por tal de que todas las personas sean acad\u00e9micamente inteligentes, ciudadanas informadas, pensadoras cr\u00edticas. Son y ser\u00e1n los que redefinan lo que significa ser un ciudadano global y vivir de manera sostenible.<\/p>\n<p>Me fascinan los seres humanos porque somos capaces de crear y hacer cosas fant\u00e1sticas. Por eso tengo esperanza de que, de alguna manera u otra, no nos dejaremos caer los unos a los otros, a pesar de las adversidades que se nos est\u00e1n presentando.<\/p>\n<h3 class=\"subtblogh3\"><b>3. \u00bfSi fueras invisible, \u00bfd\u00f3nde te colar\u00edas?<\/b><\/h3>\n<p>Muy posiblemente visitar\u00eda lugares donde hay animales salvajes y los observar\u00eda con calma sin perturbar su existencia, ni tampoco temi\u00e9ndolos por mi parte.<\/p>\n<h3 class=\"subtblogh3\"><b>4. Una intimidad sostenible y\/o solidaria que quieras compartir:<\/b><\/h3>\n<p>Intento no utilizar (ni comprar) art\u00edculos de un solo uso en mis viajes y escapadas: conmigo siempre van mis cubiertos y taza reutilizable, y como no, un par de BOLSETAS nunca pueden faltar!<\/p>\n<h3 class=\"subtblogh3\"><span style=\"color: #1a9a02;\"><b>Test de h\u00e1bitos personales<\/b><\/span><\/h3>\n<p><strong>1. \u00bfCompras agua embotellada?<\/strong><\/p>\n<p>A) Siempre (1 punto)<br \/>\nB) A veces (2 puntos)<br \/>\n<span style=\"color: #1a9a02;\">C) Nunca (3 puntos)<\/span><\/p>\n<p><strong>2. \u00bfConsumes carne?<\/strong><\/p>\n<p>A) Suelo comer bastante (1 punto)<br \/>\nB) De vez en cuando (2 puntos)<br \/>\n<span style=\"color: #1a9a02;\">C) Tengo una dieta 100% vegetal (3 puntos)<\/span><\/p>\n<p><strong>3. \u00bfUtilizas bolsas de un solo uso (papel, compostables, org\u00e1nicas\u2026)?\u00a0<\/strong><\/p>\n<p>A) Siempre (1 punto)<br \/>\n<span style=\"color: #1a9a02;\">B) A veces (2 puntos)<\/span><br \/>\nC) Nunca (3 puntos)<\/p>\n<p><strong>4. \u00bfUtilizas elementos de un solo uso en tus salidas de picnic, conciertos, fiestas\u2026)?<\/strong><\/p>\n<p>A) S\u00ed, lo tengo por costumbre (1 punto)<br \/>\nB) De vez en cuando (2 puntos)<br \/>\n<span style=\"color: #1a9a02;\">C) No, tengo mis recursos reutilizables (3 puntos)<\/span><\/p>\n<p><strong>5. \u00bfColaboras con acciones sociales de Fundaciones?<\/strong><\/p>\n<p><span style=\"color: #1a9a02;\">A) Menos de lo que me gustar\u00eda (1 punto)<\/span><br \/>\nB) De vez en cuando (2 puntos)<br \/>\nC) Siempre que puedo (3 puntos)<\/p>\n<h3 class=\"subtblogh3\"><span style=\"color: #1a9a02;\"><b><span style=\"color: #000000;\">Y el resultado es&#8230;<\/span> 12 puntos:<\/b><\/span><\/h3>\n<p>5 puntos: ser\u00eda bueno plantearse algunos cambios en tus h\u00e1bitos diarios. Si quieres escr\u00edbenos<br \/>\nEntre 6 y 10 puntos: todav\u00eda hay cositas que pulir pero vas por buen camino.<br \/>\n<strong>Entre 10 y 13: das valor a la sostenibilidad y tu campo de contribuci\u00f3n se va ampliando.<\/strong><br \/>\nM\u00e1s de 14 puntos: eres una persona que sabe lo que hace y entiende que los peque\u00f1os actos son los generadores de cambio.<\/p>","protected":false},"excerpt":{"rendered":"<p>Entrevista a Sandra de Viajeros Reverdes La invitada de hoy para nuestra mini-entrevista forma parte del equipo de BOLSETA desde sus inicios. Ella es Sandra, fot\u00f3grafa y viajera vegana, alguien muy concienciada en intentar aplicar un estilo de vida \u00e9tico y en consonancia con sus&#8230;<\/p>","protected":false},"author":1,"featured_media":4277,"comment_status":"open","ping_status":"open","sticky":false,"template":"","format":"standard","meta":{"_vp_format_video_url":"","_vp_image_focal_point":[],"footnotes":""},"categories":[114],"tags":[66,240,289,33,290,291],"class_list":["post-4276","post","type-post","status-publish","format-standard","has-post-thumbnail","hentry","category-entrevistas","tag-entrevista","tag-personas","tag-sandra","tag-sostenibilidad","tag-viajeros-reverdes","tag-viajes-sostenibles"],"_links":{"self":[{"href":"https:\/\/www.bolsetabcn.com\/ca\/wp-json\/wp\/v2\/posts\/4276","targetHints":{"allow":["GET"]}}],"collection":[{"href":"https:\/\/www.bolsetabcn.com\/ca\/wp-json\/wp\/v2\/posts"}],"about":[{"href":"https:\/\/www.bolsetabcn.com\/ca\/wp-json\/wp\/v2\/types\/post"}],"author":[{"embeddable":true,"href":"https:\/\/www.bolsetabcn.com\/ca\/wp-json\/wp\/v2\/users\/1"}],"replies":[{"embeddable":true,"href":"https:\/\/www.bolsetabcn.com\/ca\/wp-json\/wp\/v2\/comments?post=4276"}],"version-history":[{"count":6,"href":"https:\/\/www.bolsetabcn.com\/ca\/wp-json\/wp\/v2\/posts\/4276\/revisions"}],"predecessor-version":[{"id":4622,"href":"https:\/\/www.bolsetabcn.com\/ca\/wp-json\/wp\/v2\/posts\/4276\/revisions\/4622"}],"wp:featuredmedia":[{"embeddable":true,"href":"https:\/\/www.bolsetabcn.com\/ca\/wp-json\/wp\/v2\/media\/4277"}],"wp:attachment":[{"href":"https:\/\/www.bolsetabcn.com\/ca\/wp-json\/wp\/v2\/media?parent=4276"}],"wp:term":[{"taxonomy":"category","embeddable":true,"href":"https:\/\/www.bolsetabcn.com\/ca\/wp-json\/wp\/v2\/categories?post=4276"},{"taxonomy":"post_tag","embeddable":true,"href":"https:\/\/www.bolsetabcn.com\/ca\/wp-json\/wp\/v2\/tags?post=4276"}],"curies":[{"name":"wp","href":"https:\/\/api.w.org\/{rel}","templated":true}]}}