{"id":3935,"date":"2022-01-29T08:29:12","date_gmt":"2022-01-29T08:29:12","guid":{"rendered":"https:\/\/www.bolsetabcn.com\/?p=3935"},"modified":"2022-02-01T12:32:32","modified_gmt":"2022-02-01T12:32:32","slug":"entrevista-a-irene-tato","status":"publish","type":"post","link":"https:\/\/www.bolsetabcn.com\/ca\/entrevista-a-irene-tato\/","title":{"rendered":"BOLSETA entrevista a&#8230; Irene Tato"},"content":{"rendered":"<h1 class=\"blogh1\"><strong>Entrevista a Irene Tato<\/strong><\/h1>\n<p><img loading=\"lazy\" decoding=\"async\" class=\"alignnone size-large wp-image-3936\" src=\"https:\/\/www.bolsetabcn.com\/wp-content\/uploads\/2022\/01\/Irene-Tato-Fundadora-CEO-BOLSETA-bolsas-reutilizables-1024x683.jpeg\" alt=\"Irene Tato Fundadora CEO BOLSETA bolsas reutilizables\" width=\"1024\" height=\"683\" srcset=\"https:\/\/www.bolsetabcn.com\/wp-content\/uploads\/2022\/01\/Irene-Tato-Fundadora-CEO-BOLSETA-bolsas-reutilizables-1024x683.jpeg 1024w, https:\/\/www.bolsetabcn.com\/wp-content\/uploads\/2022\/01\/Irene-Tato-Fundadora-CEO-BOLSETA-bolsas-reutilizables-300x200.jpeg 300w, https:\/\/www.bolsetabcn.com\/wp-content\/uploads\/2022\/01\/Irene-Tato-Fundadora-CEO-BOLSETA-bolsas-reutilizables-768x512.jpeg 768w, https:\/\/www.bolsetabcn.com\/wp-content\/uploads\/2022\/01\/Irene-Tato-Fundadora-CEO-BOLSETA-bolsas-reutilizables-500x333.jpeg 500w, https:\/\/www.bolsetabcn.com\/wp-content\/uploads\/2022\/01\/Irene-Tato-Fundadora-CEO-BOLSETA-bolsas-reutilizables-800x533.jpeg 800w, https:\/\/www.bolsetabcn.com\/wp-content\/uploads\/2022\/01\/Irene-Tato-Fundadora-CEO-BOLSETA-bolsas-reutilizables-700x467.jpeg 700w, https:\/\/www.bolsetabcn.com\/wp-content\/uploads\/2022\/01\/Irene-Tato-Fundadora-CEO-BOLSETA-bolsas-reutilizables-1100x733.jpeg 1100w, https:\/\/www.bolsetabcn.com\/wp-content\/uploads\/2022\/01\/Irene-Tato-Fundadora-CEO-BOLSETA-bolsas-reutilizables-600x400.jpeg 600w, https:\/\/www.bolsetabcn.com\/wp-content\/uploads\/2022\/01\/Irene-Tato-Fundadora-CEO-BOLSETA-bolsas-reutilizables.jpeg 1200w\" sizes=\"auto, (max-width: 1024px) 100vw, 1024px\" \/><\/p>\n<p>Bienvenida seas a la nueva secci\u00f3n de entrevistas que hemos incorporado en este 2022, haciendo caso de vuestras peticiones. Deseamos la disfrut\u00e9is tanto como nosotras haci\u00e9ndola.<\/p>\n<p>\u00bfEn qu\u00e9 consiste? Cada mes te compartiremos las respuestas a las mismas 3 preguntas y una intimidad sostenible\/solidaria de una persona invitada, as\u00ed como su resultado en nuestro <strong>test de sostenibilidad y solidaridad BOLSETA<\/strong>, al que te invitamos que contestes tambi\u00e9n y, si te apetece, nos compartas tu resultado.<\/p>\n<p>Para romper el hielo, empezamos con alguien de la casa que te resultar\u00e1 muy familiar \ud83d\ude42<\/p>\n<h2 class=\"subtblogh2\"><strong>Irene Tato, fundadora de BOLSETA<\/strong><\/h2>\n<h3 class=\"subtblogh3\"><b>1. Si pudieras viajar en el tiempo (pasado o futuro), \u00bfen qu\u00e9 a\u00f1o te situar\u00edas y por qu\u00e9?<\/b><\/h3>\n<p>Me situar\u00eda a mediados de los 80, en mi \u00e9poca de instituto, donde el tiempo corr\u00eda diferente, las responsabilidades eran muy distintas y los ratos del patio daban para mucho.<\/p>\n<p>En el cole te pasabas el patio jugando, en el insti te lo pasabas charlando de mil cosas intrascendentes y cuando tocaba el timbre incluso segu\u00edas en el bar. Estar con tus amigas y amigos sin prisas, disfrutando. Me encanta esa \u00e9poca de estudiante que ahora la revivo con mis hijos y en la que cabe todo si tienes buena compa\u00f1\u00eda, como yo tuve.<\/p>\n<h3 class=\"subtblogh3\"><b>2. \u00bfQu\u00e9 cambiar\u00edas de nuestro mundo y qu\u00e9 es lo que te parece maravilloso?<\/b><\/h3>\n<p>Cambiar\u00eda la codicia por la empat\u00eda en todos los \u00e1mbitos de la vida. Tanto m\u00e1s codiciosa fuese una persona, m\u00e1s emp\u00e1tica con su entorno. Estoy convencida de que el mundo funcionar\u00eda mucho mejor. La riqueza econ\u00f3mica estar\u00eda mejor repartida, las personas querr\u00edan el bien de los dem\u00e1s tanto como el suyo propio, no existir\u00edan grandes fortunas ni pa\u00edses desfavorecidos, tendr\u00edan cuidado del medio ambiente y no usurpar\u00edan los recursos naturales como se hace actualmente.<\/p>\n<p>Me parece maravilloso que podamos tener vida en este planeta. Que podamos respirar, disfrutar del mar, los r\u00edos, las monta\u00f1as, ver el sol aparecer y la luna en sus distintos estadios. Debemos hacer todo lo que est\u00e9 en nuestras manos para que las generaciones futuras puedan seguir disfrutando esta maravilla.<\/p>\n<h3 class=\"subtblogh3\"><b>3. \u00bfSi fueras invisible, \u00bfd\u00f3nde te colar\u00edas?<\/b><\/h3>\n<p>Una cosa que me habr\u00eda gustado de joven y que me he dado cuenta ahora, es jugar a f\u00fatbol en el Bar\u00e7a. Estuve cerca, porque estuve en la secci\u00f3n de atletismo del Bar\u00e7a, pero no de f\u00fatbol; as\u00ed que me encantar\u00eda colarme en el vestuario del equipo de futbol femenino antes de un gran partido, como el de la final de la Champions que ganaron por 4 goles al Chelsea y vivir esa adrenalina, sabiendo que vas a darlo todo.<\/p>\n<h3 class=\"subtblogh3\"><b>4. Una intimidad sostenible y\/o solidaria que quieras compartir:<\/b><\/h3>\n<p>Desde hace m\u00e1s de 2 a\u00f1os recojo el agua de la ducha que no uso porque sale excesivamente fr\u00eda en una garrafa de cristal que ten\u00edan mis abuelos y con la que compraban vino a granel.<\/p>\n<h3 class=\"subtblogh3\"><span style=\"color: #1a9a02;\"><b>Test de h\u00e1bitos personales<\/b><\/span><\/h3>\n<p><strong>1. \u00bfCompras agua embotellada?<\/strong><\/p>\n<p>A) Siempre (1 punto)<br \/>\nB) A veces (2 puntos)<br \/>\n<span style=\"color: #1a9a02;\">C) Nunca (3 puntos)<\/span><\/p>\n<p><strong>2. \u00bfConsumes carne?<\/strong><\/p>\n<p>A) Suelo comer bastante (1 punto)<br \/>\n<span style=\"color: #1a9a02;\">B) De vez en cuando (2 puntos)<\/span><br \/>\nC) Tengo una dieta 100% vegetal (3 puntos)<\/p>\n<p><strong>3. \u00bfUtilizas bolsas de un solo uso (papel, compostables, org\u00e1nicas\u2026)?\u00a0<\/strong><\/p>\n<p>A) Siempre (1 punto)<br \/>\nB) A veces (2 puntos)<br \/>\n<span style=\"color: #1a9a02;\">C) Nunca (3 puntos)<\/span><\/p>\n<p><strong>4. \u00bfUtilizas elementos de un solo uso en tus salidas de picnic, conciertos, fiestas\u2026)?<\/strong><\/p>\n<p>A) S\u00ed, lo tengo por costumbre (1 punto)<br \/>\n<span style=\"color: #1a9a02;\">B) De vez en cuando (2 puntos)<\/span><br \/>\nC) No, tengo mis recursos reutilizables (3 puntos)<\/p>\n<p><strong>5. \u00bfColaboras con acciones sociales de Fundaciones?<\/strong><\/p>\n<p>A) Menos de lo que me gustar\u00eda (1 punto)<br \/>\n<span style=\"color: #1a9a02;\">B) De vez en cuando (2 puntos)<\/span><br \/>\nC) Siempre que puedo (3 puntos)<\/p>\n<h3 class=\"subtblogh3\"><span style=\"color: #1a9a02;\"><b><span style=\"color: #000000;\">Y el resultado es&#8230;<\/span> 12 puntos:<\/b><\/span><\/h3>\n<p>5 puntos: ser\u00eda bueno plantearse algunos cambios en tus h\u00e1bitos diarios. Si quieres escr\u00edbenos<br \/>\nEntre 6 y 10 puntos: todav\u00eda hay cositas que pulir pero vas por buen camino.<br \/>\n<strong>Entre 10 y 13: das valor a la sostenibilidad y tu campo de contribuci\u00f3n se va ampliando.<\/strong><br \/>\nM\u00e1s de 14 puntos: eres una persona que sabe lo que hace y entiende que los peque\u00f1os actos son los generadores de cambio.<\/p>","protected":false},"excerpt":{"rendered":"<p>Entrevista a Irene Tato Bienvenida seas a la nueva secci\u00f3n de entrevistas que hemos incorporado en este 2022, haciendo caso de vuestras peticiones. Deseamos la disfrut\u00e9is tanto como nosotras haci\u00e9ndola. \u00bfEn qu\u00e9 consiste? Cada mes te compartiremos las respuestas a las mismas 3 preguntas y&#8230;<\/p>","protected":false},"author":1,"featured_media":3936,"comment_status":"open","ping_status":"open","sticky":false,"template":"","format":"standard","meta":{"_vp_format_video_url":"","_vp_image_focal_point":[],"footnotes":""},"categories":[68,114],"tags":[66,240,33],"class_list":["post-3935","post","type-post","status-publish","format-standard","has-post-thumbnail","hentry","category-bolseta","category-entrevistas","tag-entrevista","tag-personas","tag-sostenibilidad"],"_links":{"self":[{"href":"https:\/\/www.bolsetabcn.com\/ca\/wp-json\/wp\/v2\/posts\/3935","targetHints":{"allow":["GET"]}}],"collection":[{"href":"https:\/\/www.bolsetabcn.com\/ca\/wp-json\/wp\/v2\/posts"}],"about":[{"href":"https:\/\/www.bolsetabcn.com\/ca\/wp-json\/wp\/v2\/types\/post"}],"author":[{"embeddable":true,"href":"https:\/\/www.bolsetabcn.com\/ca\/wp-json\/wp\/v2\/users\/1"}],"replies":[{"embeddable":true,"href":"https:\/\/www.bolsetabcn.com\/ca\/wp-json\/wp\/v2\/comments?post=3935"}],"version-history":[{"count":14,"href":"https:\/\/www.bolsetabcn.com\/ca\/wp-json\/wp\/v2\/posts\/3935\/revisions"}],"predecessor-version":[{"id":3966,"href":"https:\/\/www.bolsetabcn.com\/ca\/wp-json\/wp\/v2\/posts\/3935\/revisions\/3966"}],"wp:featuredmedia":[{"embeddable":true,"href":"https:\/\/www.bolsetabcn.com\/ca\/wp-json\/wp\/v2\/media\/3936"}],"wp:attachment":[{"href":"https:\/\/www.bolsetabcn.com\/ca\/wp-json\/wp\/v2\/media?parent=3935"}],"wp:term":[{"taxonomy":"category","embeddable":true,"href":"https:\/\/www.bolsetabcn.com\/ca\/wp-json\/wp\/v2\/categories?post=3935"},{"taxonomy":"post_tag","embeddable":true,"href":"https:\/\/www.bolsetabcn.com\/ca\/wp-json\/wp\/v2\/tags?post=3935"}],"curies":[{"name":"wp","href":"https:\/\/api.w.org\/{rel}","templated":true}]}}